{"id":26086,"date":"2025-12-26T19:08:47","date_gmt":"2025-12-26T12:08:47","guid":{"rendered":"https:\/\/bongda.huntspv.com\/index.php\/2025\/12\/26\/ly-do-nguyen-dinh-bac-khong-tham-du-gala-trao-giai-thuong-qbv-viet-nam-2025\/"},"modified":"2025-12-26T19:08:47","modified_gmt":"2025-12-26T12:08:47","slug":"ly-do-nguyen-dinh-bac-khong-tham-du-gala-trao-giai-thuong-qbv-viet-nam-2025","status":"publish","type":"post","link":"https:\/\/bongda.huntspv.com\/index.php\/2025\/12\/26\/ly-do-nguyen-dinh-bac-khong-tham-du-gala-trao-giai-thuong-qbv-viet-nam-2025\/","title":{"rendered":"L\u00fd do Nguy\u1ec5n \u0110\u00ecnh B\u1eafc kh\u00f4ng tham d\u1ef1 Gala trao Gi\u1ea3i th\u01b0\u1edfng QBV Vi\u1ec7t Nam 2025"},"content":{"rendered":"<p>Th\u1ec3 thao<\/p>\n<p>                     L\u00fd do Nguy\u1ec5n \u0110\u00ecnh B\u1eafc kh\u00f4ng tham d\u1ef1 Gala trao Gi\u1ea3i th\u01b0\u1edfng QBV Vi\u1ec7t Nam 2025<\/p>\n<p>            T\u01b0\u1eddng Ph\u01b0\u1edbc<\/p>\n<p>                                        26\/12\/2025 13:14 GMT+7<\/p>\n<p>            Chia s\u1ebb<\/p>\n<p>                                (NL\u0110O) &#8211; Sang Qatar t\u1eadp hu\u1ea5n c\u00f9ng \u0111\u1ed9i tuy\u1ec3n U23 Vi\u1ec7t Nam, ch\u00e2n s\u00fat Nguy\u1ec5n \u0110\u00ecnh B\u1eafc kh\u00f4ng th\u1ec3 tham d\u1ef1 Gala trao Gi\u1ea3i th\u01b0\u1edfng QBV Vi\u1ec7t Nam 2025 v\u00e0o t\u1ed1i 26-12.<\/p>\n<p>                                        Tr\u1ea3i qua m\u1ed9t n\u0103m thi \u0111\u1ea5u th\u00e0nh c\u00f4ng trong m\u00e0u \u00e1o C\u00f4ng an H\u00e0 N\u1ed9i, \u0111\u1ed9i tuy\u1ec3n U22 v\u00e0 U23 Vi\u1ec7t Nam, Nguy\u1ec5n \u0110\u00ecnh B\u1eafc \u0111\u01b0\u1ee3c \u0111\u1ec1 c\u1eed v\u00e0o danh s\u00e1ch \u1ee9ng vi\u00ean \u0111ua tranh danh hi\u1ec7u c\u1ee7a Gi\u1ea3i th\u01b0\u1edfng QBV Vi\u1ec7t Nam 2025 do B\u00e1o S\u00e0i G\u00f2n Gi\u1ea3i Ph\u00f3ng t\u1ed5 ch\u1ee9c.\u0110\u00ecnh B\u1eafc v\u00e0 HLV Kim Sang-sikC\u1ea7u th\u1ee7 22 tu\u1ed5i g\u1ed1c Ngh\u1ec7 An l\u1ecdt v\u00e0o danh s\u00e1ch r\u00fat g\u1ecdn \u1ee9ng vi\u00ean c\u1ee7a hai h\u1ea1ng m\u1ee5c gi\u1ea3i th\u01b0\u1edfng: QBV nam Vi\u1ec7t Nam 2025 v\u00e0 C\u1ea7u th\u1ee7 tr\u1ebb xu\u1ea5t s\u1eafc nh\u1ea5t n\u0103m 2025. \u0110\u00e2y l\u00e0 nh\u1eefng danh hi\u1ec7u c\u00e1 nh\u00e2n cao qu\u00fd, t\u00f4n vinh s\u1ef1 c\u1ed1ng hi\u1ebfn c\u1ee7a c\u1ea7u th\u1ee7 Vi\u1ec7t Nam trong m\u1ed9t n\u0103m thi \u0111\u1ea5u th\u00e0nh c\u00f4ng.TIN LI\u00caN QUANHLV Kim Sang-sik ti\u1ebfp t\u1ee5c tr\u1ecdng d\u1ee5ng Nguy\u1ec5n \u0110\u00ecnh B\u1eafc \u1edf tuy\u1ec3n U23 Vi\u1ec7t NamGala trao Gi\u1ea3i th\u01b0\u1edfng QBV Vi\u1ec7t Nam n\u0103m 2025 s\u1ebd di\u1ec5n ra v\u00e0o t\u1ed1i 26-12 t\u1ea1i Nh\u00e0 h\u00e1t B\u1ebfn Th\u00e0nh (TP HCM). Tuy nhi\u00ean, v\u00ec ph\u1ea3i l\u00ean \u0111\u01b0\u1eddng sang Qatar t\u1eadp hu\u1ea5n c\u00f9ng tuy\u1ec3n U23 Vi\u1ec7t Nam, chu\u1ea9n b\u1ecb cho v\u00f2ng chung k\u1ebft U23 ch\u00e2u \u00c1 2026 di\u1ec5n ra \u0111\u1ea7u th\u00e1ng 1-2026, Nguy\u1ec5n \u0110\u00ecnh B\u1eafc kh\u00f4ng th\u1ec3 tham d\u1ef1 Gala trao Gi\u1ea3i th\u01b0\u1edfng QBV Vi\u1ec7t Nam k\u1ef3 n\u00e0y.\u0110\u00ecnh B\u1eafc t\u1ecfa s\u00e1ng \u1edf SEA Games 33\u1ede h\u1ea1ng m\u1ee5c QBV nam Vi\u1ec7t Nam 2025, \u0110\u00ecnh B\u1eafc v\u00e0 Trung Ki\u00ean s\u1ebd \u0111ua tranh danh hi\u1ec7u c\u00f9ng c\u00e1c \u0111\u00e0n anh Nguy\u1ec5n Ti\u1ebfn Linh, Nguy\u1ec5n Ho\u00e0ng \u0110\u1ee9c v\u00e0 Nguy\u1ec5n Quang H\u1ea3i. Kh\u00f3 \u0111o\u00e1n t\u00e2n ch\u1ee7 nh\u00e2n QBV Vi\u1ec7t Nam 2025 nh\u01b0ng \u0110\u00ecnh B\u1eafc l\u00e0 \u1ee9ng vi\u00ean h\u00e0ng \u0111\u1ea7u trong cu\u1ed9c b\u1ea7u ch\u1ecdn danh hi\u1ec7u C\u1ea7u th\u1ee7 tr\u1ebb xu\u1ea5t s\u1eafc nh\u1ea5t n\u0103m.<\/p>\n<p>                        Tin li\u00ean quan<\/p>\n<p>                B\u00f3ng \u0111\u00e1 Vi\u1ec7t Nam l\u00e0 ni\u1ec1m t\u1ef1 h\u00e0o c\u1ee7a \u0110\u00f4ng Nam \u00c1<\/p>\n<p>                        (NL\u0110O) &#8211; Tham d\u1ef1 \u0110\u1ea1i h\u1ed9i Th\u01b0\u1eddng ni\u00ean L\u0110B\u0110 Vi\u1ec7t Nam n\u0103m 2025, T\u1ed5ng Th\u01b0 k\u00fd L\u0110B\u0110 \u0110\u00f4ng Nam \u00c1 cho r\u1eb1ng b\u00f3ng \u0111\u00e1 Vi\u1ec7t Nam l\u00e0 ni\u1ec1m t\u1ef1 h\u00e0o chung c\u1ee7a b\u00f3ng \u0111\u00e1 \u0110\u00f4ng Nam \u00c1<\/p>\n<p>                Nguy\u1ec5n \u0110\u00ecnh B\u1eafc h\u1ebft c\u01a1 h\u1ed9i thi \u0111\u1ea5u \u1edf Asian Games 2026<\/p>\n<p>                        (NL\u0110O) &#8211; H\u1ed9i ngh\u1ecb Ban Ch\u1ea5p h\u00e0nh VFF l\u1ea7n th\u1ee9 11 kh\u00f3a IX \u0111\u00e3 th\u1ea3o lu\u1eadn v\u00e0 th\u1ed1ng nh\u1ea5t \u0111\u1ec1 xu\u1ea5t c\u1eed \u0111\u1ed9i tuy\u1ec3n U21 Vi\u1ec7t Nam tham d\u1ef1 Asian Games 2026<\/p>\n<p>                Qu\u1ea3 b\u00f3ng v\u00e0ng Vi\u1ec7t Nam 2025: B\u1ea5t ng\u1edd d\u1ec5 x\u1ea3y ra<\/p>\n<p>                        Ban T\u1ed5 ch\u1ee9c Gi\u1ea3i th\u01b0\u1edfng Qu\u1ea3 b\u00f3ng v\u00e0ng Vi\u1ec7t Nam 2025 \u0111\u00e3 x\u00e1c \u0111\u1ecbnh t\u1ed1p 5 \u1ee9ng c\u1eed vi\u00ean \u1edf c\u00e1c h\u1ea1ng m\u1ee5c b\u1ea7u ch\u1ecdn<\/p>\n<p>                Chia s\u1ebb<\/p>\n<p>                U22 Vi\u1ec7t Nam<\/p>\n<p>                SEA Games 33<\/p>\n<p>                U23 Vi\u1ec7t Nam<\/p>\n<p>                Nguy\u1ec5n \u0110\u00ecnh B\u1eafc<\/p>\n<p>                \u0110\u00ecnh b\u1eafc<\/p>\n<p>                QBV Vi\u1ec7t Nam 2025<\/p>\n<p>                HCV Sea games 33<\/p>\n<p>                        B\u00ecnh lu\u1eadn (0)<\/p>\n<p>                    G\u1eedi b\u00ecnh lu\u1eadn<\/p>\n<p>                    Quan t\u00e2m nh\u1ea5t<br \/>\n                    M\u1edbi nh\u1ea5t<\/p>\n<p>                Xem t\u1ea5t c\u1ea3 b\u00ecnh lu\u1eadn<\/p>\n","protected":false},"excerpt":{"rendered":"<p>Th\u1ec3 thao L\u00fd do Nguy\u1ec5n \u0110\u00ecnh B\u1eafc kh\u00f4ng tham d\u1ef1 Gala trao Gi\u1ea3i th\u01b0\u1edfng QBV Vi\u1ec7t Nam 2025 T\u01b0\u1eddng Ph\u01b0\u1edbc 26\/12\/2025 13:14 GMT+7 Chia s\u1ebb (NL\u0110O) &#8211; Sang Qatar t\u1eadp hu\u1ea5n c\u00f9ng \u0111\u1ed9i tuy\u1ec3n U23 Vi\u1ec7t Nam, ch\u00e2n s\u00fat Nguy\u1ec5n \u0110\u00ecnh B\u1eafc kh\u00f4ng th\u1ec3 tham d\u1ef1 Gala trao Gi\u1ea3i th\u01b0\u1edfng QBV Vi\u1ec7t Nam 2025 v\u00e0o [&hellip;]<\/p>\n","protected":false},"author":1,"featured_media":26087,"comment_status":"open","ping_status":"closed","sticky":false,"template":"","format":"standard","meta":{"footnotes":""},"categories":[1],"tags":[12654],"class_list":["post-26086","post","type-post","status-publish","format-standard","has-post-thumbnail","hentry","category-uncategorized","tag-u22-viet-nam-sea-games-33-u23-viet-nam-nguyen-dinh-bac-dinh-bac-qbv-viet-nam-2025-hcv-sea-games-33"],"_links":{"self":[{"href":"https:\/\/bongda.huntspv.com\/index.php\/wp-json\/wp\/v2\/posts\/26086","targetHints":{"allow":["GET"]}}],"collection":[{"href":"https:\/\/bongda.huntspv.com\/index.php\/wp-json\/wp\/v2\/posts"}],"about":[{"href":"https:\/\/bongda.huntspv.com\/index.php\/wp-json\/wp\/v2\/types\/post"}],"author":[{"embeddable":true,"href":"https:\/\/bongda.huntspv.com\/index.php\/wp-json\/wp\/v2\/users\/1"}],"replies":[{"embeddable":true,"href":"https:\/\/bongda.huntspv.com\/index.php\/wp-json\/wp\/v2\/comments?post=26086"}],"version-history":[{"count":0,"href":"https:\/\/bongda.huntspv.com\/index.php\/wp-json\/wp\/v2\/posts\/26086\/revisions"}],"wp:featuredmedia":[{"embeddable":true,"href":"https:\/\/bongda.huntspv.com\/index.php\/wp-json\/wp\/v2\/media\/26087"}],"wp:attachment":[{"href":"https:\/\/bongda.huntspv.com\/index.php\/wp-json\/wp\/v2\/media?parent=26086"}],"wp:term":[{"taxonomy":"category","embeddable":true,"href":"https:\/\/bongda.huntspv.com\/index.php\/wp-json\/wp\/v2\/categories?post=26086"},{"taxonomy":"post_tag","embeddable":true,"href":"https:\/\/bongda.huntspv.com\/index.php\/wp-json\/wp\/v2\/tags?post=26086"}],"curies":[{"name":"wp","href":"https:\/\/api.w.org\/{rel}","templated":true}]}}